{"id":3557,"date":"2018-05-16T12:34:43","date_gmt":"2018-05-16T12:34:43","guid":{"rendered":"http:\/\/www.museodelarioja.es\/museoromanizacion\/?p=3557"},"modified":"2018-05-16T12:41:54","modified_gmt":"2018-05-16T12:41:54","slug":"18-de-mayo-dia-internacional-de-los-museos","status":"publish","type":"post","link":"https:\/\/www.museodelarioja.es\/museoromanizacion\/18-de-mayo-dia-internacional-de-los-museos\/","title":{"rendered":"18 DE MAYO &#8211; D\u00cdA INTERNACIONAL DE LOS  MUSEOS"},"content":{"rendered":"<blockquote><p><strong>Taller participativo:<\/strong> \u00abQu\u00e9 se com\u00eda y beb\u00eda en la antigua <em>Calagurris<\/em>\u00ab. Alimentos, vajilla de cocina y de mesa, recipientes de almacenaje, vasos para beber&#8230;.<\/p>\n<p><strong>D\u00eda:<\/strong> Jueves, 17 de mayo de 2018.<\/p>\n<p><strong>Hora:<\/strong> 11:00 h.<\/p>\n<p><strong>Punto de encuentro:<\/strong> La entrada del Museo de la Romanizaci\u00f3n.<\/p><\/blockquote>\n<p><a href=\"http:\/\/www.museodelarioja.es\/museoromanizacion\/wp-content\/uploads\/TSH-1200.jpg\"><img loading=\"lazy\" decoding=\"async\" class=\"alignleft wp-image-3405 size-large\" src=\"http:\/\/www.museodelarioja.es\/museoromanizacion\/wp-content\/uploads\/TSH-1200-1030x689.jpg\" alt=\"TSH-1200\" width=\"1030\" height=\"689\" srcset=\"https:\/\/www.museodelarioja.es\/museoromanizacion\/wp-content\/uploads\/TSH-1200-1030x689.jpg 1030w, https:\/\/www.museodelarioja.es\/museoromanizacion\/wp-content\/uploads\/TSH-1200-300x200.jpg 300w, https:\/\/www.museodelarioja.es\/museoromanizacion\/wp-content\/uploads\/TSH-1200-450x301.jpg 450w, https:\/\/www.museodelarioja.es\/museoromanizacion\/wp-content\/uploads\/TSH-1200.jpg 1200w\" sizes=\"auto, (max-width: 1030px) 100vw, 1030px\" \/><\/a><\/p>\n","protected":false},"excerpt":{"rendered":"<p>Taller participativo: \u00abQu\u00e9 se com\u00eda y beb\u00eda en la antigua Calagurris\u00ab. Alimentos, vajilla de cocina y de mesa, recipientes de almacenaje, vasos para beber&#8230;. D\u00eda: Jueves, 17 de mayo de 2018. Hora: 11:00 h. Punto de encuentro: La entrada del Museo de la Romanizaci\u00f3n.<\/p>\n","protected":false},"author":5,"featured_media":0,"comment_status":"open","ping_status":"open","sticky":false,"template":"","format":"standard","meta":{"footnotes":""},"categories":[56],"tags":[],"class_list":["post-3557","post","type-post","status-publish","format-standard","hentry","category-noticias"],"_links":{"self":[{"href":"https:\/\/www.museodelarioja.es\/museoromanizacion\/wp-json\/wp\/v2\/posts\/3557","targetHints":{"allow":["GET"]}}],"collection":[{"href":"https:\/\/www.museodelarioja.es\/museoromanizacion\/wp-json\/wp\/v2\/posts"}],"about":[{"href":"https:\/\/www.museodelarioja.es\/museoromanizacion\/wp-json\/wp\/v2\/types\/post"}],"author":[{"embeddable":true,"href":"https:\/\/www.museodelarioja.es\/museoromanizacion\/wp-json\/wp\/v2\/users\/5"}],"replies":[{"embeddable":true,"href":"https:\/\/www.museodelarioja.es\/museoromanizacion\/wp-json\/wp\/v2\/comments?post=3557"}],"version-history":[{"count":7,"href":"https:\/\/www.museodelarioja.es\/museoromanizacion\/wp-json\/wp\/v2\/posts\/3557\/revisions"}],"predecessor-version":[{"id":3565,"href":"https:\/\/www.museodelarioja.es\/museoromanizacion\/wp-json\/wp\/v2\/posts\/3557\/revisions\/3565"}],"wp:attachment":[{"href":"https:\/\/www.museodelarioja.es\/museoromanizacion\/wp-json\/wp\/v2\/media?parent=3557"}],"wp:term":[{"taxonomy":"category","embeddable":true,"href":"https:\/\/www.museodelarioja.es\/museoromanizacion\/wp-json\/wp\/v2\/categories?post=3557"},{"taxonomy":"post_tag","embeddable":true,"href":"https:\/\/www.museodelarioja.es\/museoromanizacion\/wp-json\/wp\/v2\/tags?post=3557"}],"curies":[{"name":"wp","href":"https:\/\/api.w.org\/{rel}","templated":true}]}}