{"id":3222,"date":"2013-11-26T18:03:36","date_gmt":"2013-11-26T18:03:36","guid":{"rendered":"http:\/\/www.museodelarioja.es\/museoromanizacion\/?p=3222"},"modified":"2015-05-18T16:56:53","modified_gmt":"2015-05-18T16:56:53","slug":"el-museo-municipal-de-calahorra-25-anos","status":"publish","type":"post","link":"https:\/\/www.museodelarioja.es\/museoromanizacion\/el-museo-municipal-de-calahorra-25-anos\/","title":{"rendered":"El Museo Municipal de Calahorra. 25 A\u00f1os"},"content":{"rendered":"<ul>\n<li>Autor: Rosa Aurora Luezas Pascual<\/li>\n<li>Descripci\u00f3n: Art\u00edculo.<\/li>\n<li>Formato:<\/li>\n<li>P\u00e1ginas: 3<\/li>\n<li>Dep\u00f3sito Legal:<\/li>\n<li>ISBN:<\/li>\n<li>Descargar <a href=\"http:\/\/www.museodelarioja.es\/museoromanizacion\/wp-content\/uploads\/El-Museo-Municipal-de-Calahorra.-25-a\u00f1os.pdf\" target=\"_blank\">El Museo Municipal de Calahorra. 25 a\u00f1os<\/a><\/li>\n<\/ul>\n","protected":false},"excerpt":{"rendered":"<p>Autor: Rosa Aurora Luezas Pascual Descripci\u00f3n: Art\u00edculo. Formato: P\u00e1ginas: 3 Dep\u00f3sito Legal: ISBN: Descargar El Museo Municipal de Calahorra. 25 a\u00f1os<\/p>\n","protected":false},"author":2,"featured_media":3168,"comment_status":"open","ping_status":"open","sticky":false,"template":"","format":"standard","meta":{"footnotes":""},"categories":[55,51],"tags":[],"class_list":["post-3222","post","type-post","status-publish","format-standard","has-post-thumbnail","hentry","category-articulos","category-investigacion"],"_links":{"self":[{"href":"https:\/\/www.museodelarioja.es\/museoromanizacion\/wp-json\/wp\/v2\/posts\/3222","targetHints":{"allow":["GET"]}}],"collection":[{"href":"https:\/\/www.museodelarioja.es\/museoromanizacion\/wp-json\/wp\/v2\/posts"}],"about":[{"href":"https:\/\/www.museodelarioja.es\/museoromanizacion\/wp-json\/wp\/v2\/types\/post"}],"author":[{"embeddable":true,"href":"https:\/\/www.museodelarioja.es\/museoromanizacion\/wp-json\/wp\/v2\/users\/2"}],"replies":[{"embeddable":true,"href":"https:\/\/www.museodelarioja.es\/museoromanizacion\/wp-json\/wp\/v2\/comments?post=3222"}],"version-history":[{"count":2,"href":"https:\/\/www.museodelarioja.es\/museoromanizacion\/wp-json\/wp\/v2\/posts\/3222\/revisions"}],"predecessor-version":[{"id":3273,"href":"https:\/\/www.museodelarioja.es\/museoromanizacion\/wp-json\/wp\/v2\/posts\/3222\/revisions\/3273"}],"wp:featuredmedia":[{"embeddable":true,"href":"https:\/\/www.museodelarioja.es\/museoromanizacion\/wp-json\/wp\/v2\/media\/3168"}],"wp:attachment":[{"href":"https:\/\/www.museodelarioja.es\/museoromanizacion\/wp-json\/wp\/v2\/media?parent=3222"}],"wp:term":[{"taxonomy":"category","embeddable":true,"href":"https:\/\/www.museodelarioja.es\/museoromanizacion\/wp-json\/wp\/v2\/categories?post=3222"},{"taxonomy":"post_tag","embeddable":true,"href":"https:\/\/www.museodelarioja.es\/museoromanizacion\/wp-json\/wp\/v2\/tags?post=3222"}],"curies":[{"name":"wp","href":"https:\/\/api.w.org\/{rel}","templated":true}]}}