{"id":3218,"date":"2013-11-26T18:00:55","date_gmt":"2013-11-26T18:00:55","guid":{"rendered":"http:\/\/www.museodelarioja.es\/museoromanizacion\/?p=3218"},"modified":"2015-05-18T16:56:53","modified_gmt":"2015-05-18T16:56:53","slug":"el-museo-de-la-rioja-sus-colecciones-su-biografia","status":"publish","type":"post","link":"https:\/\/www.museodelarioja.es\/museoromanizacion\/el-museo-de-la-rioja-sus-colecciones-su-biografia\/","title":{"rendered":"El Museo de La Rioja. Sus Colecciones. Su Biograf\u00eda"},"content":{"rendered":"<ul>\n<li>Autor: Mar\u00eda Teresa S\u00e1nchez Trujillano<\/li>\n<li>Descripci\u00f3n: Art\u00edculo.<\/li>\n<li>Formato:<\/li>\n<li>P\u00e1ginas: 12<\/li>\n<li>Dep\u00f3sito Legal:<\/li>\n<li>ISBN::<\/li>\n<li>Descargar: <a href=\"http:\/\/www.museodelarioja.es\/museoromanizacion\/wp-content\/uploads\/El-Museo-de-La-Rioja.-Sus-colecciones.-Su-bibliograf\u00eda.pdf\" target=\"_blank\">El Museo de La Rioja. Sus colecciones. Su bibliograf\u00eda<\/a><\/li>\n<\/ul>\n","protected":false},"excerpt":{"rendered":"<p>Autor: Mar\u00eda Teresa S\u00e1nchez Trujillano Descripci\u00f3n: Art\u00edculo. Formato: P\u00e1ginas: 12 Dep\u00f3sito Legal: ISBN:: Descargar: El Museo de La Rioja. Sus colecciones. Su bibliograf\u00eda<\/p>\n","protected":false},"author":2,"featured_media":3168,"comment_status":"open","ping_status":"open","sticky":false,"template":"","format":"standard","meta":{"footnotes":""},"categories":[55,51],"tags":[],"class_list":["post-3218","post","type-post","status-publish","format-standard","has-post-thumbnail","hentry","category-articulos","category-investigacion"],"_links":{"self":[{"href":"https:\/\/www.museodelarioja.es\/museoromanizacion\/wp-json\/wp\/v2\/posts\/3218","targetHints":{"allow":["GET"]}}],"collection":[{"href":"https:\/\/www.museodelarioja.es\/museoromanizacion\/wp-json\/wp\/v2\/posts"}],"about":[{"href":"https:\/\/www.museodelarioja.es\/museoromanizacion\/wp-json\/wp\/v2\/types\/post"}],"author":[{"embeddable":true,"href":"https:\/\/www.museodelarioja.es\/museoromanizacion\/wp-json\/wp\/v2\/users\/2"}],"replies":[{"embeddable":true,"href":"https:\/\/www.museodelarioja.es\/museoromanizacion\/wp-json\/wp\/v2\/comments?post=3218"}],"version-history":[{"count":2,"href":"https:\/\/www.museodelarioja.es\/museoromanizacion\/wp-json\/wp\/v2\/posts\/3218\/revisions"}],"predecessor-version":[{"id":3274,"href":"https:\/\/www.museodelarioja.es\/museoromanizacion\/wp-json\/wp\/v2\/posts\/3218\/revisions\/3274"}],"wp:featuredmedia":[{"embeddable":true,"href":"https:\/\/www.museodelarioja.es\/museoromanizacion\/wp-json\/wp\/v2\/media\/3168"}],"wp:attachment":[{"href":"https:\/\/www.museodelarioja.es\/museoromanizacion\/wp-json\/wp\/v2\/media?parent=3218"}],"wp:term":[{"taxonomy":"category","embeddable":true,"href":"https:\/\/www.museodelarioja.es\/museoromanizacion\/wp-json\/wp\/v2\/categories?post=3218"},{"taxonomy":"post_tag","embeddable":true,"href":"https:\/\/www.museodelarioja.es\/museoromanizacion\/wp-json\/wp\/v2\/tags?post=3218"}],"curies":[{"name":"wp","href":"https:\/\/api.w.org\/{rel}","templated":true}]}}