{"id":3215,"date":"2013-11-26T17:57:18","date_gmt":"2013-11-26T17:57:18","guid":{"rendered":"http:\/\/www.museodelarioja.es\/museoromanizacion\/?p=3215"},"modified":"2015-05-18T16:56:53","modified_gmt":"2015-05-18T16:56:53","slug":"cuando-el-agua-no-salia-del-grifo","status":"publish","type":"post","link":"https:\/\/www.museodelarioja.es\/museoromanizacion\/cuando-el-agua-no-salia-del-grifo\/","title":{"rendered":"Cuando el agua no sal\u00eda del Grifo"},"content":{"rendered":"<ul>\n<li>Autor: Carolina S\u00e1nchez Mahave, Rut S\u00e1nchez Mu\u00f1oz y M\u00aa Teresa S\u00e1nchez Trujillano<\/li>\n<li>Descripci\u00f3n: Ficha did\u00e1ctica.<\/li>\n<li>Formato:21 x 30<\/li>\n<li>P\u00e1ginas: 24<\/li>\n<li>Dep\u00f3sito Legal: LR 98\u20132012<\/li>\n<li>ISBN: 84\u201387\u2013209\u201397\u20131<\/li>\n<li>Descarga<\/li>\n<\/ul>\n","protected":false},"excerpt":{"rendered":"<p>Autor: Carolina S\u00e1nchez Mahave, Rut S\u00e1nchez Mu\u00f1oz y M\u00aa Teresa S\u00e1nchez Trujillano Descripci\u00f3n: Ficha did\u00e1ctica. Formato:21 x 30 P\u00e1ginas: 24 Dep\u00f3sito Legal: LR 98\u20132012 ISBN: 84\u201387\u2013209\u201397\u20131 Descarga<\/p>\n","protected":false},"author":2,"featured_media":3216,"comment_status":"open","ping_status":"open","sticky":false,"template":"","format":"standard","meta":{"footnotes":""},"categories":[54,51],"tags":[],"class_list":["post-3215","post","type-post","status-publish","format-standard","has-post-thumbnail","hentry","category-fichas-didacticas","category-investigacion"],"_links":{"self":[{"href":"https:\/\/www.museodelarioja.es\/museoromanizacion\/wp-json\/wp\/v2\/posts\/3215","targetHints":{"allow":["GET"]}}],"collection":[{"href":"https:\/\/www.museodelarioja.es\/museoromanizacion\/wp-json\/wp\/v2\/posts"}],"about":[{"href":"https:\/\/www.museodelarioja.es\/museoromanizacion\/wp-json\/wp\/v2\/types\/post"}],"author":[{"embeddable":true,"href":"https:\/\/www.museodelarioja.es\/museoromanizacion\/wp-json\/wp\/v2\/users\/2"}],"replies":[{"embeddable":true,"href":"https:\/\/www.museodelarioja.es\/museoromanizacion\/wp-json\/wp\/v2\/comments?post=3215"}],"version-history":[{"count":1,"href":"https:\/\/www.museodelarioja.es\/museoromanizacion\/wp-json\/wp\/v2\/posts\/3215\/revisions"}],"predecessor-version":[{"id":3217,"href":"https:\/\/www.museodelarioja.es\/museoromanizacion\/wp-json\/wp\/v2\/posts\/3215\/revisions\/3217"}],"wp:featuredmedia":[{"embeddable":true,"href":"https:\/\/www.museodelarioja.es\/museoromanizacion\/wp-json\/wp\/v2\/media\/3216"}],"wp:attachment":[{"href":"https:\/\/www.museodelarioja.es\/museoromanizacion\/wp-json\/wp\/v2\/media?parent=3215"}],"wp:term":[{"taxonomy":"category","embeddable":true,"href":"https:\/\/www.museodelarioja.es\/museoromanizacion\/wp-json\/wp\/v2\/categories?post=3215"},{"taxonomy":"post_tag","embeddable":true,"href":"https:\/\/www.museodelarioja.es\/museoromanizacion\/wp-json\/wp\/v2\/tags?post=3215"}],"curies":[{"name":"wp","href":"https:\/\/api.w.org\/{rel}","templated":true}]}}