{"id":3201,"date":"2013-11-26T17:42:36","date_gmt":"2013-11-26T17:42:36","guid":{"rendered":"http:\/\/www.museodelarioja.es\/museoromanizacion\/?p=3201"},"modified":"2015-05-18T16:56:53","modified_gmt":"2015-05-18T16:56:53","slug":"javier-sauras-la-materia-y-el-espiritu","status":"publish","type":"post","link":"https:\/\/www.museodelarioja.es\/museoromanizacion\/javier-sauras-la-materia-y-el-espiritu\/","title":{"rendered":"Javier Sauras. La materia y el esp\u00edritu"},"content":{"rendered":"<ul>\n<li>Autor:<\/li>\n<li>Descripci\u00f3n: Cuaderno de Arte<\/li>\n<li>Formato:<\/li>\n<li>P\u00e1ginas: 2<\/li>\n<li>Dep\u00f3sito Legal: LR 18-2012<\/li>\n<li>ISBN:<\/li>\n<li>Descarga <a href=\"http:\/\/www.museodelarioja.es\/museoromanizacion\/wp-content\/uploads\/Javier-Sauras.-La-materia-y-el-esp\u00edritu.pdf\" target=\"_blank\">Javier Sauras. La materia y el esp\u00edritu<\/a><\/li>\n<\/ul>\n","protected":false},"excerpt":{"rendered":"<p>Autor: Descripci\u00f3n: Cuaderno de Arte Formato: P\u00e1ginas: 2 Dep\u00f3sito Legal: LR 18-2012 ISBN: Descarga Javier Sauras. La materia y el esp\u00edritu<\/p>\n","protected":false},"author":2,"featured_media":3234,"comment_status":"open","ping_status":"open","sticky":false,"template":"","format":"standard","meta":{"footnotes":""},"categories":[53,51],"tags":[],"class_list":["post-3201","post","type-post","status-publish","format-standard","has-post-thumbnail","hentry","category-cuadernos-de-arte","category-investigacion"],"_links":{"self":[{"href":"https:\/\/www.museodelarioja.es\/museoromanizacion\/wp-json\/wp\/v2\/posts\/3201","targetHints":{"allow":["GET"]}}],"collection":[{"href":"https:\/\/www.museodelarioja.es\/museoromanizacion\/wp-json\/wp\/v2\/posts"}],"about":[{"href":"https:\/\/www.museodelarioja.es\/museoromanizacion\/wp-json\/wp\/v2\/types\/post"}],"author":[{"embeddable":true,"href":"https:\/\/www.museodelarioja.es\/museoromanizacion\/wp-json\/wp\/v2\/users\/2"}],"replies":[{"embeddable":true,"href":"https:\/\/www.museodelarioja.es\/museoromanizacion\/wp-json\/wp\/v2\/comments?post=3201"}],"version-history":[{"count":4,"href":"https:\/\/www.museodelarioja.es\/museoromanizacion\/wp-json\/wp\/v2\/posts\/3201\/revisions"}],"predecessor-version":[{"id":3276,"href":"https:\/\/www.museodelarioja.es\/museoromanizacion\/wp-json\/wp\/v2\/posts\/3201\/revisions\/3276"}],"wp:featuredmedia":[{"embeddable":true,"href":"https:\/\/www.museodelarioja.es\/museoromanizacion\/wp-json\/wp\/v2\/media\/3234"}],"wp:attachment":[{"href":"https:\/\/www.museodelarioja.es\/museoromanizacion\/wp-json\/wp\/v2\/media?parent=3201"}],"wp:term":[{"taxonomy":"category","embeddable":true,"href":"https:\/\/www.museodelarioja.es\/museoromanizacion\/wp-json\/wp\/v2\/categories?post=3201"},{"taxonomy":"post_tag","embeddable":true,"href":"https:\/\/www.museodelarioja.es\/museoromanizacion\/wp-json\/wp\/v2\/tags?post=3201"}],"curies":[{"name":"wp","href":"https:\/\/api.w.org\/{rel}","templated":true}]}}