{"id":3185,"date":"2013-11-26T17:43:08","date_gmt":"2013-11-26T17:43:08","guid":{"rendered":"http:\/\/www.museodelarioja.es\/museoromanizacion\/?p=3185"},"modified":"2015-05-18T16:56:53","modified_gmt":"2015-05-18T16:56:53","slug":"sobre-la-plaza-mayor-la-vida-cotidiana-en-la-rioja-durante-la-edad-moderna","status":"publish","type":"post","link":"https:\/\/www.museodelarioja.es\/museoromanizacion\/sobre-la-plaza-mayor-la-vida-cotidiana-en-la-rioja-durante-la-edad-moderna\/","title":{"rendered":"Sobre la Plaza Mayor. La vida cotidiana en La Rioja durante la Edad Moderna"},"content":{"rendered":"<ul>\n<li>Autor: M.\u00aa Teresa Alvarez Clavijo, Jos\u00e9 Antonio Tirado Mart\u00ednez Pedro y Alvarez Clavijo.<\/li>\n<li>Descripci\u00f3n: Cat\u00e1logo<\/li>\n<li>Formato:<\/li>\n<li>P\u00e1ginas: 101<\/li>\n<li>Dep\u00f3sito Legal: LR-35-2004<\/li>\n<li>ISBN: 84-8125-223-9<\/li>\n<li>Descarga. <a href=\"http:\/\/www.museodelarioja.es\/museoromanizacion\/wp-content\/uploads\/Sobre-la-plaza-mayor.pdf\"  target=\"_blank\">Sobre la plaza mayor<\/a><\/li>\n<\/ul>\n","protected":false},"excerpt":{"rendered":"<p>Autor: M.\u00aa Teresa Alvarez Clavijo, Jos\u00e9 Antonio Tirado Mart\u00ednez Pedro y Alvarez Clavijo. Descripci\u00f3n: Cat\u00e1logo Formato: P\u00e1ginas: 101 Dep\u00f3sito Legal: LR-35-2004 ISBN: 84-8125-223-9 Descarga. Sobre la plaza mayor<\/p>\n","protected":false},"author":2,"featured_media":3233,"comment_status":"open","ping_status":"open","sticky":false,"template":"","format":"standard","meta":{"footnotes":""},"categories":[52,51],"tags":[],"class_list":["post-3185","post","type-post","status-publish","format-standard","has-post-thumbnail","hentry","category-catalogos","category-investigacion"],"_links":{"self":[{"href":"https:\/\/www.museodelarioja.es\/museoromanizacion\/wp-json\/wp\/v2\/posts\/3185","targetHints":{"allow":["GET"]}}],"collection":[{"href":"https:\/\/www.museodelarioja.es\/museoromanizacion\/wp-json\/wp\/v2\/posts"}],"about":[{"href":"https:\/\/www.museodelarioja.es\/museoromanizacion\/wp-json\/wp\/v2\/types\/post"}],"author":[{"embeddable":true,"href":"https:\/\/www.museodelarioja.es\/museoromanizacion\/wp-json\/wp\/v2\/users\/2"}],"replies":[{"embeddable":true,"href":"https:\/\/www.museodelarioja.es\/museoromanizacion\/wp-json\/wp\/v2\/comments?post=3185"}],"version-history":[{"count":2,"href":"https:\/\/www.museodelarioja.es\/museoromanizacion\/wp-json\/wp\/v2\/posts\/3185\/revisions"}],"predecessor-version":[{"id":3275,"href":"https:\/\/www.museodelarioja.es\/museoromanizacion\/wp-json\/wp\/v2\/posts\/3185\/revisions\/3275"}],"wp:featuredmedia":[{"embeddable":true,"href":"https:\/\/www.museodelarioja.es\/museoromanizacion\/wp-json\/wp\/v2\/media\/3233"}],"wp:attachment":[{"href":"https:\/\/www.museodelarioja.es\/museoromanizacion\/wp-json\/wp\/v2\/media?parent=3185"}],"wp:term":[{"taxonomy":"category","embeddable":true,"href":"https:\/\/www.museodelarioja.es\/museoromanizacion\/wp-json\/wp\/v2\/categories?post=3185"},{"taxonomy":"post_tag","embeddable":true,"href":"https:\/\/www.museodelarioja.es\/museoromanizacion\/wp-json\/wp\/v2\/tags?post=3185"}],"curies":[{"name":"wp","href":"https:\/\/api.w.org\/{rel}","templated":true}]}}