{"id":3182,"date":"2013-11-26T17:35:12","date_gmt":"2013-11-26T17:35:12","guid":{"rendered":"http:\/\/www.museodelarioja.es\/museoromanizacion\/?p=3182"},"modified":"2015-05-18T16:56:53","modified_gmt":"2015-05-18T16:56:53","slug":"y-esto-en-onzas-cuanto-es-1843-2003-150-aniversario-de-la-implantacion-del-sistema-metrico-decimal","status":"publish","type":"post","link":"https:\/\/www.museodelarioja.es\/museoromanizacion\/y-esto-en-onzas-cuanto-es-1843-2003-150-aniversario-de-la-implantacion-del-sistema-metrico-decimal\/","title":{"rendered":"\u00bfY esto en onzas, cuanto es?. 1843-2003. 150 Aniversario de la implantaci\u00f3n del sistema m\u00e9trico decimal"},"content":{"rendered":"<ul>\n<li>Autor: Jos\u00e9 Ram\u00f3n G\u00f3mez Mart\u00ednez, M.\u00aa Teresa Alvarez Clavijo y Jos\u00e9 Antonio Tirado Mart\u00ednez Descripci\u00f3n:<\/li>\n<li>Formato: Cat\u00e1logo<\/li>\n<li>P\u00e1ginas: 101<\/li>\n<li>Dep\u00f3sito Legal: LR-228-2003<\/li>\n<li>ISBN: 84-8125-209-3<\/li>\n<li>Descarga. <a href=\"http:\/\/www.museodelarioja.es\/museoromanizacion\/wp-content\/uploads\/Y-esto-en-onzas-cu\u00e1nto-es.pdf\"  target=\"_blank\">Y esto en onzas cu\u00e1nto es<\/a><\/li>\n<\/ul>\n","protected":false},"excerpt":{"rendered":"<p>Autor: Jos\u00e9 Ram\u00f3n G\u00f3mez Mart\u00ednez, M.\u00aa Teresa Alvarez Clavijo y Jos\u00e9 Antonio Tirado Mart\u00ednez Descripci\u00f3n: Formato: Cat\u00e1logo P\u00e1ginas: 101 Dep\u00f3sito Legal: LR-228-2003 ISBN: 84-8125-209-3 Descarga. Y esto en onzas cu\u00e1nto es<\/p>\n","protected":false},"author":2,"featured_media":3168,"comment_status":"open","ping_status":"open","sticky":false,"template":"","format":"standard","meta":{"footnotes":""},"categories":[52,51],"tags":[],"class_list":["post-3182","post","type-post","status-publish","format-standard","has-post-thumbnail","hentry","category-catalogos","category-investigacion"],"_links":{"self":[{"href":"https:\/\/www.museodelarioja.es\/museoromanizacion\/wp-json\/wp\/v2\/posts\/3182","targetHints":{"allow":["GET"]}}],"collection":[{"href":"https:\/\/www.museodelarioja.es\/museoromanizacion\/wp-json\/wp\/v2\/posts"}],"about":[{"href":"https:\/\/www.museodelarioja.es\/museoromanizacion\/wp-json\/wp\/v2\/types\/post"}],"author":[{"embeddable":true,"href":"https:\/\/www.museodelarioja.es\/museoromanizacion\/wp-json\/wp\/v2\/users\/2"}],"replies":[{"embeddable":true,"href":"https:\/\/www.museodelarioja.es\/museoromanizacion\/wp-json\/wp\/v2\/comments?post=3182"}],"version-history":[{"count":2,"href":"https:\/\/www.museodelarioja.es\/museoromanizacion\/wp-json\/wp\/v2\/posts\/3182\/revisions"}],"predecessor-version":[{"id":3277,"href":"https:\/\/www.museodelarioja.es\/museoromanizacion\/wp-json\/wp\/v2\/posts\/3182\/revisions\/3277"}],"wp:featuredmedia":[{"embeddable":true,"href":"https:\/\/www.museodelarioja.es\/museoromanizacion\/wp-json\/wp\/v2\/media\/3168"}],"wp:attachment":[{"href":"https:\/\/www.museodelarioja.es\/museoromanizacion\/wp-json\/wp\/v2\/media?parent=3182"}],"wp:term":[{"taxonomy":"category","embeddable":true,"href":"https:\/\/www.museodelarioja.es\/museoromanizacion\/wp-json\/wp\/v2\/categories?post=3182"},{"taxonomy":"post_tag","embeddable":true,"href":"https:\/\/www.museodelarioja.es\/museoromanizacion\/wp-json\/wp\/v2\/tags?post=3182"}],"curies":[{"name":"wp","href":"https:\/\/api.w.org\/{rel}","templated":true}]}}