{"id":3180,"date":"2013-11-26T17:35:06","date_gmt":"2013-11-26T17:35:06","guid":{"rendered":"http:\/\/www.museodelarioja.es\/museoromanizacion\/?p=3180"},"modified":"2015-05-18T16:56:53","modified_gmt":"2015-05-18T16:56:53","slug":"a-la-sombra-del-castillo-la-edad-media-en-el-museo-de-la-rioja","status":"publish","type":"post","link":"https:\/\/www.museodelarioja.es\/museoromanizacion\/a-la-sombra-del-castillo-la-edad-media-en-el-museo-de-la-rioja\/","title":{"rendered":"A la sombra del Castillo. La Edad Media en el Museo de La Rioja"},"content":{"rendered":"<ul>\n<li>Autor: Mar\u00eda M.\u00aa Teresa S\u00e1nchez Trujillano, Pedro Alvarez Clavijo, Jos\u00e9 Antonio Tirado Mart\u00ednez y Julio Mart\u00ednez Fl\u00f3rez<\/li>\n<li>Descripci\u00f3n: Cat\u00e1logo<\/li>\n<li>Formato:<\/li>\n<li>P\u00e1ginas: 280<\/li>\n<li>Dep\u00f3sito Legal: LR-474-2002<\/li>\n<li>ISBN: 84-8125-181-x<\/li>\n<li>Descarga. <a href=\"http:\/\/www.museodelarioja.es\/museoromanizacion\/wp-content\/uploads\/A-la-sombra-del-castillo.pdf\" target=\"_blank\">A la sombra del castillo<\/a><\/li>\n<\/ul>\n","protected":false},"excerpt":{"rendered":"<p>Autor: Mar\u00eda M.\u00aa Teresa S\u00e1nchez Trujillano, Pedro Alvarez Clavijo, Jos\u00e9 Antonio Tirado Mart\u00ednez y Julio Mart\u00ednez Fl\u00f3rez Descripci\u00f3n: Cat\u00e1logo Formato: P\u00e1ginas: 280 Dep\u00f3sito Legal: LR-474-2002 ISBN: 84-8125-181-x Descarga. A la sombra del castillo<\/p>\n","protected":false},"author":2,"featured_media":3168,"comment_status":"open","ping_status":"open","sticky":false,"template":"","format":"standard","meta":{"footnotes":""},"categories":[52,51],"tags":[],"class_list":["post-3180","post","type-post","status-publish","format-standard","has-post-thumbnail","hentry","category-catalogos","category-investigacion"],"_links":{"self":[{"href":"https:\/\/www.museodelarioja.es\/museoromanizacion\/wp-json\/wp\/v2\/posts\/3180","targetHints":{"allow":["GET"]}}],"collection":[{"href":"https:\/\/www.museodelarioja.es\/museoromanizacion\/wp-json\/wp\/v2\/posts"}],"about":[{"href":"https:\/\/www.museodelarioja.es\/museoromanizacion\/wp-json\/wp\/v2\/types\/post"}],"author":[{"embeddable":true,"href":"https:\/\/www.museodelarioja.es\/museoromanizacion\/wp-json\/wp\/v2\/users\/2"}],"replies":[{"embeddable":true,"href":"https:\/\/www.museodelarioja.es\/museoromanizacion\/wp-json\/wp\/v2\/comments?post=3180"}],"version-history":[{"count":2,"href":"https:\/\/www.museodelarioja.es\/museoromanizacion\/wp-json\/wp\/v2\/posts\/3180\/revisions"}],"predecessor-version":[{"id":3278,"href":"https:\/\/www.museodelarioja.es\/museoromanizacion\/wp-json\/wp\/v2\/posts\/3180\/revisions\/3278"}],"wp:featuredmedia":[{"embeddable":true,"href":"https:\/\/www.museodelarioja.es\/museoromanizacion\/wp-json\/wp\/v2\/media\/3168"}],"wp:attachment":[{"href":"https:\/\/www.museodelarioja.es\/museoromanizacion\/wp-json\/wp\/v2\/media?parent=3180"}],"wp:term":[{"taxonomy":"category","embeddable":true,"href":"https:\/\/www.museodelarioja.es\/museoromanizacion\/wp-json\/wp\/v2\/categories?post=3180"},{"taxonomy":"post_tag","embeddable":true,"href":"https:\/\/www.museodelarioja.es\/museoromanizacion\/wp-json\/wp\/v2\/tags?post=3180"}],"curies":[{"name":"wp","href":"https:\/\/api.w.org\/{rel}","templated":true}]}}