{"id":3174,"date":"2013-11-26T17:29:33","date_gmt":"2013-11-26T17:29:33","guid":{"rendered":"http:\/\/www.museodelarioja.es\/museoromanizacion\/?p=3174"},"modified":"2015-05-18T16:56:53","modified_gmt":"2015-05-18T16:56:53","slug":"santiago-iconografia-jacobea-en-la-rioja","status":"publish","type":"post","link":"https:\/\/www.museodelarioja.es\/museoromanizacion\/santiago-iconografia-jacobea-en-la-rioja\/","title":{"rendered":"Santiago. Iconograf\u00eda jacobea en La Rioja"},"content":{"rendered":"<ul>\n<li>Autor: Rosana Fonc\u00e9a L\u00f3pez. G\u00f3mez Mart\u00ednez,<\/li>\n<li>Descripci\u00f3n: Cat\u00e1logo<\/li>\n<li>Formato:<\/li>\n<li>P\u00e1ginas: 101<\/li>\n<li>Dep\u00f3sito Legal: LR-187-1999<\/li>\n<li>ISBN: 84-8125-127-5<\/li>\n<li>Descarga. <a href=\"http:\/\/www.museodelarioja.es\/museoromanizacion\/wp-content\/uploads\/Santiago.-Iconografia-jacobea-en-La-Rioja.pdf\" target=\"_blank\">Santiago. Iconografia jacobea en La Rioja<\/a><\/li>\n<\/ul>\n","protected":false},"excerpt":{"rendered":"<p>Autor: Rosana Fonc\u00e9a L\u00f3pez. G\u00f3mez Mart\u00ednez, Descripci\u00f3n: Cat\u00e1logo Formato: P\u00e1ginas: 101 Dep\u00f3sito Legal: LR-187-1999 ISBN: 84-8125-127-5 Descarga. Santiago. Iconografia jacobea en La Rioja<\/p>\n","protected":false},"author":2,"featured_media":3168,"comment_status":"open","ping_status":"open","sticky":false,"template":"","format":"standard","meta":{"footnotes":""},"categories":[52,51],"tags":[],"class_list":["post-3174","post","type-post","status-publish","format-standard","has-post-thumbnail","hentry","category-catalogos","category-investigacion"],"_links":{"self":[{"href":"https:\/\/www.museodelarioja.es\/museoromanizacion\/wp-json\/wp\/v2\/posts\/3174","targetHints":{"allow":["GET"]}}],"collection":[{"href":"https:\/\/www.museodelarioja.es\/museoromanizacion\/wp-json\/wp\/v2\/posts"}],"about":[{"href":"https:\/\/www.museodelarioja.es\/museoromanizacion\/wp-json\/wp\/v2\/types\/post"}],"author":[{"embeddable":true,"href":"https:\/\/www.museodelarioja.es\/museoromanizacion\/wp-json\/wp\/v2\/users\/2"}],"replies":[{"embeddable":true,"href":"https:\/\/www.museodelarioja.es\/museoromanizacion\/wp-json\/wp\/v2\/comments?post=3174"}],"version-history":[{"count":2,"href":"https:\/\/www.museodelarioja.es\/museoromanizacion\/wp-json\/wp\/v2\/posts\/3174\/revisions"}],"predecessor-version":[{"id":3281,"href":"https:\/\/www.museodelarioja.es\/museoromanizacion\/wp-json\/wp\/v2\/posts\/3174\/revisions\/3281"}],"wp:featuredmedia":[{"embeddable":true,"href":"https:\/\/www.museodelarioja.es\/museoromanizacion\/wp-json\/wp\/v2\/media\/3168"}],"wp:attachment":[{"href":"https:\/\/www.museodelarioja.es\/museoromanizacion\/wp-json\/wp\/v2\/media?parent=3174"}],"wp:term":[{"taxonomy":"category","embeddable":true,"href":"https:\/\/www.museodelarioja.es\/museoromanizacion\/wp-json\/wp\/v2\/categories?post=3174"},{"taxonomy":"post_tag","embeddable":true,"href":"https:\/\/www.museodelarioja.es\/museoromanizacion\/wp-json\/wp\/v2\/tags?post=3174"}],"curies":[{"name":"wp","href":"https:\/\/api.w.org\/{rel}","templated":true}]}}