{"id":2773,"date":"2013-10-22T12:29:00","date_gmt":"2013-10-22T12:29:00","guid":{"rendered":"http:\/\/www.museodelarioja.es\/museoromanizacion\/?p=2773"},"modified":"2015-05-18T16:56:53","modified_gmt":"2015-05-18T16:56:53","slug":"se-innaugura-el-museo","status":"publish","type":"post","link":"https:\/\/www.museodelarioja.es\/museoromanizacion\/se-innaugura-el-museo\/","title":{"rendered":"La reapertura del Museo de La Rioja"},"content":{"rendered":"<div id=\"attachment_3322\" style=\"width: 310px\" class=\"wp-caption alignleft\"><a href=\"http:\/\/www.museodelarioja.es\/museoromanizacion\/wp-content\/uploads\/mmarin-7.jpg\"><img loading=\"lazy\" decoding=\"async\" aria-describedby=\"caption-attachment-3322\" class=\"size-medium wp-image-3322\" alt=\"LA REAPERTURA DEL MUSEO DE LA RIOJA \" src=\"http:\/\/www.museodelarioja.es\/museoromanizacion\/wp-content\/uploads\/mmarin-7-300x200.jpg\" width=\"300\" height=\"200\" srcset=\"https:\/\/www.museodelarioja.es\/museoromanizacion\/wp-content\/uploads\/mmarin-7-300x200.jpg 300w, https:\/\/www.museodelarioja.es\/museoromanizacion\/wp-content\/uploads\/mmarin-7-1030x686.jpg 1030w, https:\/\/www.museodelarioja.es\/museoromanizacion\/wp-content\/uploads\/mmarin-7-450x300.jpg 450w, https:\/\/www.museodelarioja.es\/museoromanizacion\/wp-content\/uploads\/mmarin-7.jpg 1200w\" sizes=\"auto, (max-width: 300px) 100vw, 300px\" \/><\/a><p id=\"caption-attachment-3322\" class=\"wp-caption-text\">LA REAPERTURA DEL MUSEO DE LA RIOJA<\/p><\/div>\n<p style=\"text-align: justify;\">Tras nueve cerrado al p\u00fablico, el Museo de La Rioja reabre sus puertas al p\u00fablico en su sede hist\u00f3rica, una vez rehabilitada, y en su ampliaci\u00f3n, de reciente construcci\u00f3n. El museo, adem\u00e1s, se dota de una moderna exposici\u00f3n permanente y de un conjunto de equipamientos p\u00fablicos que permitir\u00e1n el adecuado funcionamiento de la instituci\u00f3n.<\/p>\n<p style=\"text-align: justify;\">La actuaci\u00f3n, en la que la que la Secretar\u00eda de Estado de Cultura del Ministerio de Educaci\u00f3n, Cultura y Deporte ha realizado una inversi\u00f3n de m\u00e1s de 8.000.000 de euros (8.082.485,63 \u20ac.), se inserta en el marco del Plan de Modernizaci\u00f3n de los Museos Estatales y ha sido gestionada a trav\u00e9s de la Subdirecci\u00f3n General de Museos Estatales y la Gerencia de Infraestructuras y Equipamientos.<\/p>\n<p style=\"text-align: justify;\">Tras la construcci\u00f3n de un edificio de nueva planta anexo a la sede principal dise\u00f1ado por Jos\u00e9 Miguel Le\u00f3n y dirigido por su equipo que fue concluido en diciembre de 2003, y la restauraci\u00f3n del Palacio de Espartero con proyecto del mismo arquitecto y direcci\u00f3n de Jos\u00e9 Ignacio Amat e Ignacio G\u00f3mez concluida en 2012, se ha llevado a cabo la renovaci\u00f3n de la exposici\u00f3n permanente con Proyecto Museogr\u00e1fico y direcci\u00f3n de Pedro Feduchi.<\/p>\n<p style=\"text-align: justify;\">La construcci\u00f3n del nuevo edificio ha ascendido a 2.472.135, 60 \u20ac con una superficie 1.903,80 m2, y la restauraci\u00f3n del Palacio de Espartero a 3.080.288,76 \u20ac., alcanzando en total 3.041,60 m2 y de ellos 1.460,00 m2 para la Exposici\u00f3n Permanente.<\/p>\n<p style=\"text-align: justify;\">Obra arquitect\u00f3nica e instalaci\u00f3n museogr\u00e1fica se han puesto al servicio de unas colecciones que se remontan al S. XIX, proporcionando al visitante la mayor accesibilidad y recursos de apoyo e informaci\u00f3n que le permiten comprender mejor la Historia de La Rioja.<\/p>\n<p style=\"text-align: justify;\">Una historia que se narra en \u00e9l a trav\u00e9s de la cultura material que se ha producido en su territorio representada en m\u00e1s de 23.500 piezas. La ejecuci\u00f3n del Proyecto Museogr\u00e1fico ha ascendido a 1.705.331 \u20ac. y no s\u00f3lo comprende la exposici\u00f3n de las piezas en un hilo argumental continuo desde la Prehistoria hasta el comienzo del S. XX, sino que va acompa\u00f1ado de documentaci\u00f3n gr\u00e1fica y audiovisual en cada unidad tem\u00e1tica, e incluso permite la accesibilidad para sordos a trav\u00e9s de bucles magn\u00e9ticos y ciegos a trav\u00e9s de estaciones t\u00e1ctiles.<\/p>\n<p style=\"text-align: justify;\">El Museo de La Rioja reabri\u00f3 sus puertas con sus nuevas instalaciones el 21 de octubre de 2013, bajo la presidencia de la Alcaldesa de Logro\u00f1o, el Presidente del Gobierno de La Rioja y el Delegado del Gobierno en La Rioja, en presencia de otras autoridades e invitados vinculados al mundo de la historia, la investigaci\u00f3n y el arte.<\/p>\n","protected":false},"excerpt":{"rendered":"<p>Tras nueve cerrado al p\u00fablico, el Museo de La Rioja reabre sus puertas al p\u00fablico en su sede hist\u00f3rica, una vez rehabilitada, y en su ampliaci\u00f3n, de reciente construcci\u00f3n. El museo, adem\u00e1s, se dota de una moderna exposici\u00f3n permanente y de un conjunto de equipamientos p\u00fablicos que permitir\u00e1n el adecuado funcionamiento de la instituci\u00f3n. La [&hellip;]<\/p>\n","protected":false},"author":2,"featured_media":3322,"comment_status":"open","ping_status":"open","sticky":false,"template":"","format":"standard","meta":{"footnotes":""},"categories":[56],"tags":[],"class_list":["post-2773","post","type-post","status-publish","format-standard","has-post-thumbnail","hentry","category-noticias"],"_links":{"self":[{"href":"https:\/\/www.museodelarioja.es\/museoromanizacion\/wp-json\/wp\/v2\/posts\/2773","targetHints":{"allow":["GET"]}}],"collection":[{"href":"https:\/\/www.museodelarioja.es\/museoromanizacion\/wp-json\/wp\/v2\/posts"}],"about":[{"href":"https:\/\/www.museodelarioja.es\/museoromanizacion\/wp-json\/wp\/v2\/types\/post"}],"author":[{"embeddable":true,"href":"https:\/\/www.museodelarioja.es\/museoromanizacion\/wp-json\/wp\/v2\/users\/2"}],"replies":[{"embeddable":true,"href":"https:\/\/www.museodelarioja.es\/museoromanizacion\/wp-json\/wp\/v2\/comments?post=2773"}],"version-history":[{"count":4,"href":"https:\/\/www.museodelarioja.es\/museoromanizacion\/wp-json\/wp\/v2\/posts\/2773\/revisions"}],"predecessor-version":[{"id":3323,"href":"https:\/\/www.museodelarioja.es\/museoromanizacion\/wp-json\/wp\/v2\/posts\/2773\/revisions\/3323"}],"wp:featuredmedia":[{"embeddable":true,"href":"https:\/\/www.museodelarioja.es\/museoromanizacion\/wp-json\/wp\/v2\/media\/3322"}],"wp:attachment":[{"href":"https:\/\/www.museodelarioja.es\/museoromanizacion\/wp-json\/wp\/v2\/media?parent=2773"}],"wp:term":[{"taxonomy":"category","embeddable":true,"href":"https:\/\/www.museodelarioja.es\/museoromanizacion\/wp-json\/wp\/v2\/categories?post=2773"},{"taxonomy":"post_tag","embeddable":true,"href":"https:\/\/www.museodelarioja.es\/museoromanizacion\/wp-json\/wp\/v2\/tags?post=2773"}],"curies":[{"name":"wp","href":"https:\/\/api.w.org\/{rel}","templated":true}]}}